{"id":394,"date":"2024-04-14T23:34:42","date_gmt":"2024-04-14T23:34:42","guid":{"rendered":"https:\/\/pabloalvarado.net\/?p=394"},"modified":"2024-04-14T23:34:42","modified_gmt":"2024-04-14T23:34:42","slug":"la-importancia-del-branding-personal-en-el-emprendimiento","status":"publish","type":"post","link":"https:\/\/pabloalvarado.net\/index.php\/2024\/04\/14\/la-importancia-del-branding-personal-en-el-emprendimiento\/","title":{"rendered":"La Importancia del branding personal en el emprendimiento"},"content":{"rendered":"\n<p>El branding personal es una estrategia que busca consolidar a los due\u00f1os, socios y altos directivos de las empresas como una marca que refleje su historia de superaci\u00f3n personal a la par de la de sus compa\u00f1\u00edas.&nbsp;<\/p>\n\n\n\n<p>Esta estrategia es importante porque puede ayudar a mejorar el posicionamiento de las empresas y sus productos, aumentar la credibilidad, impulsar el liderazgo empresarial, complementar diferentes estrategias de marketing, generar una percepci\u00f3n cercana de la empresa, desarrollar el sentido de pertenencia en los consumidores, entre otros beneficios.<\/p>\n\n\n\n<p>Para construir una marca personal s\u00f3lida, es importante tener en cuenta los siguientes aspectos:<\/p>\n\n\n\n<p><strong>1. Definir la identidad personal:<\/strong>&nbsp;<\/p>\n\n\n\n<p>Es importante definir qui\u00e9n eres, qu\u00e9 te hace \u00fanico y qu\u00e9 quieres transmitir a tu p\u00fablico objetivo. Esto te permitir\u00e1 construir una marca personal aut\u00e9ntica y coherente con tus valores y objetivos.<\/p>\n\n\n\n<p><strong>2. Conocer a tu p\u00fablico objetivo:<\/strong>&nbsp;<\/p>\n\n\n\n<p>Es fundamental conocer a tu p\u00fablico objetivo para poder adaptar tu marca personal a sus necesidades y expectativas. Esto te permitir\u00e1 conectar con ellos de manera efectiva y generar una relaci\u00f3n de confianza.<\/p>\n\n\n\n<p><strong>3. Crear una estrategia de comunicaci\u00f3n:<\/strong>&nbsp;<\/p>\n\n\n\n<p>Es importante crear una estrategia de comunicaci\u00f3n que incluya los canales y mensajes que utilizar\u00e1s para transmitir tu marca personal. Esto te permitir\u00e1 llegar a tu p\u00fablico objetivo de manera efectiva y coherente.<\/p>\n\n\n\n<p><strong>4. Mantener una presencia en l\u00ednea:<\/strong>&nbsp;<\/p>\n\n\n\n<p>En la actualidad, es fundamental tener una presencia en l\u00ednea s\u00f3lida y coherente con tu marca personal. Esto te permitir\u00e1 llegar a un p\u00fablico m\u00e1s amplio y generar una imagen positiva de tu marca personal.<\/p>\n\n\n\n<p><strong>5. Ser aut\u00e9ntico y coherente:&nbsp;<\/strong><\/p>\n\n\n\n<p>Es importante ser aut\u00e9ntico y coherente con tu marca personal en todo momento. Esto te permitir\u00e1 generar una imagen positiva y confiable de tu marca personal.<\/p>\n","protected":false},"excerpt":{"rendered":"<p>El branding personal es una estrategia que busca consolidar a los due\u00f1os, socios y altos directivos de las empresas como una marca que refleje su historia de superaci\u00f3n personal a la par de la de sus compa\u00f1\u00edas.&nbsp; Esta estrategia es importante porque puede ayudar a mejorar el posicionamiento de las empresas y sus productos, aumentar [&hellip;]<\/p>\n","protected":false},"author":1,"featured_media":395,"comment_status":"closed","ping_status":"closed","sticky":false,"template":"","format":"standard","meta":{"site-sidebar-layout":"default","site-content-layout":"","ast-site-content-layout":"default","site-content-style":"default","site-sidebar-style":"default","ast-global-header-display":"","ast-banner-title-visibility":"","ast-main-header-display":"","ast-hfb-above-header-display":"","ast-hfb-below-header-display":"","ast-hfb-mobile-header-display":"","site-post-title":"","ast-breadcrumbs-content":"","ast-featured-img":"","footer-sml-layout":"","theme-transparent-header-meta":"","adv-header-id-meta":"","stick-header-meta":"","header-above-stick-meta":"","header-main-stick-meta":"","header-below-stick-meta":"","astra-migrate-meta-layouts":"set","ast-page-background-enabled":"default","ast-page-background-meta":{"desktop":{"background-color":"var(--ast-global-color-4)","background-image":"","background-repeat":"repeat","background-position":"center center","background-size":"auto","background-attachment":"scroll","background-type":"","background-media":"","overlay-type":"","overlay-color":"","overlay-opacity":"","overlay-gradient":""},"tablet":{"background-color":"","background-image":"","background-repeat":"repeat","background-position":"center center","background-size":"auto","background-attachment":"scroll","background-type":"","background-media":"","overlay-type":"","overlay-color":"","overlay-opacity":"","overlay-gradient":""},"mobile":{"background-color":"","background-image":"","background-repeat":"repeat","background-position":"center center","background-size":"auto","background-attachment":"scroll","background-type":"","background-media":"","overlay-type":"","overlay-color":"","overlay-opacity":"","overlay-gradient":""}},"ast-content-background-meta":{"desktop":{"background-color":"var(--ast-global-color-5)","background-image":"","background-repeat":"repeat","background-position":"center center","background-size":"auto","background-attachment":"scroll","background-type":"","background-media":"","overlay-type":"","overlay-color":"","overlay-opacity":"","overlay-gradient":""},"tablet":{"background-color":"var(--ast-global-color-5)","background-image":"","background-repeat":"repeat","background-position":"center center","background-size":"auto","background-attachment":"scroll","background-type":"","background-media":"","overlay-type":"","overlay-color":"","overlay-opacity":"","overlay-gradient":""},"mobile":{"background-color":"var(--ast-global-color-5)","background-image":"","background-repeat":"repeat","background-position":"center center","background-size":"auto","background-attachment":"scroll","background-type":"","background-media":"","overlay-type":"","overlay-color":"","overlay-opacity":"","overlay-gradient":""}},"footnotes":""},"categories":[1],"tags":[41,42,43],"class_list":["post-394","post","type-post","status-publish","format-standard","has-post-thumbnail","hentry","category-uncategorized","tag-branding","tag-emprendimiento","tag-importancia"],"yoast_head":"<!-- This site is optimized with the Yoast SEO plugin v26.9 - https:\/\/yoast.com\/product\/yoast-seo-wordpress\/ -->\n<title>La Importancia del branding personal en el emprendimiento -<\/title>\n<meta name=\"robots\" content=\"noindex, follow, max-snippet:-1, max-image-preview:large, max-video-preview:-1\" \/>\n<meta property=\"og:locale\" content=\"en_US\" \/>\n<meta property=\"og:type\" content=\"article\" \/>\n<meta property=\"og:title\" content=\"La Importancia del branding personal en el emprendimiento -\" \/>\n<meta property=\"og:description\" content=\"El branding personal es una estrategia que busca consolidar a los due\u00f1os, socios y altos directivos de las empresas como una marca que refleje su historia de superaci\u00f3n personal a la par de la de sus compa\u00f1\u00edas.&nbsp; Esta estrategia es importante porque puede ayudar a mejorar el posicionamiento de las empresas y sus productos, aumentar [&hellip;]\" \/>\n<meta property=\"og:url\" content=\"https:\/\/pabloalvarado.net\/index.php\/2024\/04\/14\/la-importancia-del-branding-personal-en-el-emprendimiento\/\" \/>\n<meta property=\"article:published_time\" content=\"2024-04-14T23:34:42+00:00\" \/>\n<meta property=\"og:image\" content=\"https:\/\/pabloalvarado.net\/wp-content\/uploads\/2024\/04\/P_01.03.24.jpg\" \/>\n\t<meta property=\"og:image:width\" content=\"1571\" \/>\n\t<meta property=\"og:image:height\" content=\"1011\" \/>\n\t<meta property=\"og:image:type\" content=\"image\/jpeg\" \/>\n<meta name=\"author\" content=\"pablowpuser\" \/>\n<meta name=\"twitter:card\" content=\"summary_large_image\" \/>\n<meta name=\"twitter:label1\" content=\"Written by\" \/>\n\t<meta name=\"twitter:data1\" content=\"pablowpuser\" \/>\n\t<meta name=\"twitter:label2\" content=\"Est. reading time\" \/>\n\t<meta name=\"twitter:data2\" content=\"2 minutes\" \/>\n<script type=\"application\/ld+json\" class=\"yoast-schema-graph\">{\"@context\":\"https:\/\/schema.org\",\"@graph\":[{\"@type\":\"Article\",\"@id\":\"https:\/\/pabloalvarado.net\/index.php\/2024\/04\/14\/la-importancia-del-branding-personal-en-el-emprendimiento\/#article\",\"isPartOf\":{\"@id\":\"https:\/\/pabloalvarado.net\/index.php\/2024\/04\/14\/la-importancia-del-branding-personal-en-el-emprendimiento\/\"},\"author\":{\"name\":\"pablowpuser\",\"@id\":\"https:\/\/pabloalvarado.net\/#\/schema\/person\/fb607a7ebc3ce5071a0bb264bc21b660\"},\"headline\":\"La Importancia del branding personal en el emprendimiento\",\"datePublished\":\"2024-04-14T23:34:42+00:00\",\"mainEntityOfPage\":{\"@id\":\"https:\/\/pabloalvarado.net\/index.php\/2024\/04\/14\/la-importancia-del-branding-personal-en-el-emprendimiento\/\"},\"wordCount\":316,\"image\":{\"@id\":\"https:\/\/pabloalvarado.net\/index.php\/2024\/04\/14\/la-importancia-del-branding-personal-en-el-emprendimiento\/#primaryimage\"},\"thumbnailUrl\":\"https:\/\/pabloalvarado.net\/wp-content\/uploads\/2024\/04\/P_01.03.24.jpg\",\"keywords\":[\"Branding\",\"Emprendimiento\",\"Importancia\"],\"inLanguage\":\"en-US\"},{\"@type\":\"WebPage\",\"@id\":\"https:\/\/pabloalvarado.net\/index.php\/2024\/04\/14\/la-importancia-del-branding-personal-en-el-emprendimiento\/\",\"url\":\"https:\/\/pabloalvarado.net\/index.php\/2024\/04\/14\/la-importancia-del-branding-personal-en-el-emprendimiento\/\",\"name\":\"La Importancia del branding personal en el emprendimiento -\",\"isPartOf\":{\"@id\":\"https:\/\/pabloalvarado.net\/#website\"},\"primaryImageOfPage\":{\"@id\":\"https:\/\/pabloalvarado.net\/index.php\/2024\/04\/14\/la-importancia-del-branding-personal-en-el-emprendimiento\/#primaryimage\"},\"image\":{\"@id\":\"https:\/\/pabloalvarado.net\/index.php\/2024\/04\/14\/la-importancia-del-branding-personal-en-el-emprendimiento\/#primaryimage\"},\"thumbnailUrl\":\"https:\/\/pabloalvarado.net\/wp-content\/uploads\/2024\/04\/P_01.03.24.jpg\",\"datePublished\":\"2024-04-14T23:34:42+00:00\",\"author\":{\"@id\":\"https:\/\/pabloalvarado.net\/#\/schema\/person\/fb607a7ebc3ce5071a0bb264bc21b660\"},\"breadcrumb\":{\"@id\":\"https:\/\/pabloalvarado.net\/index.php\/2024\/04\/14\/la-importancia-del-branding-personal-en-el-emprendimiento\/#breadcrumb\"},\"inLanguage\":\"en-US\",\"potentialAction\":[{\"@type\":\"ReadAction\",\"target\":[\"https:\/\/pabloalvarado.net\/index.php\/2024\/04\/14\/la-importancia-del-branding-personal-en-el-emprendimiento\/\"]}]},{\"@type\":\"ImageObject\",\"inLanguage\":\"en-US\",\"@id\":\"https:\/\/pabloalvarado.net\/index.php\/2024\/04\/14\/la-importancia-del-branding-personal-en-el-emprendimiento\/#primaryimage\",\"url\":\"https:\/\/pabloalvarado.net\/wp-content\/uploads\/2024\/04\/P_01.03.24.jpg\",\"contentUrl\":\"https:\/\/pabloalvarado.net\/wp-content\/uploads\/2024\/04\/P_01.03.24.jpg\",\"width\":1571,\"height\":1011},{\"@type\":\"BreadcrumbList\",\"@id\":\"https:\/\/pabloalvarado.net\/index.php\/2024\/04\/14\/la-importancia-del-branding-personal-en-el-emprendimiento\/#breadcrumb\",\"itemListElement\":[{\"@type\":\"ListItem\",\"position\":1,\"name\":\"Home\",\"item\":\"https:\/\/pabloalvarado.net\/\"},{\"@type\":\"ListItem\",\"position\":2,\"name\":\"La Importancia del branding personal en el emprendimiento\"}]},{\"@type\":\"WebSite\",\"@id\":\"https:\/\/pabloalvarado.net\/#website\",\"url\":\"https:\/\/pabloalvarado.net\/\",\"name\":\"\",\"description\":\"\",\"potentialAction\":[{\"@type\":\"SearchAction\",\"target\":{\"@type\":\"EntryPoint\",\"urlTemplate\":\"https:\/\/pabloalvarado.net\/?s={search_term_string}\"},\"query-input\":{\"@type\":\"PropertyValueSpecification\",\"valueRequired\":true,\"valueName\":\"search_term_string\"}}],\"inLanguage\":\"en-US\"},{\"@type\":\"Person\",\"@id\":\"https:\/\/pabloalvarado.net\/#\/schema\/person\/fb607a7ebc3ce5071a0bb264bc21b660\",\"name\":\"pablowpuser\",\"image\":{\"@type\":\"ImageObject\",\"inLanguage\":\"en-US\",\"@id\":\"https:\/\/pabloalvarado.net\/#\/schema\/person\/image\/\",\"url\":\"https:\/\/secure.gravatar.com\/avatar\/cb59e7c976f76b17dffd0727252f4ac78af49effd1cf317722470a804ae8c418?s=96&d=mm&r=g\",\"contentUrl\":\"https:\/\/secure.gravatar.com\/avatar\/cb59e7c976f76b17dffd0727252f4ac78af49effd1cf317722470a804ae8c418?s=96&d=mm&r=g\",\"caption\":\"pablowpuser\"},\"sameAs\":[\"https:\/\/test.pabloalvarado.net\"],\"url\":\"https:\/\/pabloalvarado.net\/index.php\/author\/pablowpuser\/\"}]}<\/script>\n<!-- \/ Yoast SEO plugin. -->","yoast_head_json":{"title":"La Importancia del branding personal en el emprendimiento -","robots":{"index":"noindex","follow":"follow","max-snippet":"max-snippet:-1","max-image-preview":"max-image-preview:large","max-video-preview":"max-video-preview:-1"},"og_locale":"en_US","og_type":"article","og_title":"La Importancia del branding personal en el emprendimiento -","og_description":"El branding personal es una estrategia que busca consolidar a los due\u00f1os, socios y altos directivos de las empresas como una marca que refleje su historia de superaci\u00f3n personal a la par de la de sus compa\u00f1\u00edas.&nbsp; Esta estrategia es importante porque puede ayudar a mejorar el posicionamiento de las empresas y sus productos, aumentar [&hellip;]","og_url":"https:\/\/pabloalvarado.net\/index.php\/2024\/04\/14\/la-importancia-del-branding-personal-en-el-emprendimiento\/","article_published_time":"2024-04-14T23:34:42+00:00","og_image":[{"width":1571,"height":1011,"url":"https:\/\/pabloalvarado.net\/wp-content\/uploads\/2024\/04\/P_01.03.24.jpg","type":"image\/jpeg"}],"author":"pablowpuser","twitter_card":"summary_large_image","twitter_misc":{"Written by":"pablowpuser","Est. reading time":"2 minutes"},"schema":{"@context":"https:\/\/schema.org","@graph":[{"@type":"Article","@id":"https:\/\/pabloalvarado.net\/index.php\/2024\/04\/14\/la-importancia-del-branding-personal-en-el-emprendimiento\/#article","isPartOf":{"@id":"https:\/\/pabloalvarado.net\/index.php\/2024\/04\/14\/la-importancia-del-branding-personal-en-el-emprendimiento\/"},"author":{"name":"pablowpuser","@id":"https:\/\/pabloalvarado.net\/#\/schema\/person\/fb607a7ebc3ce5071a0bb264bc21b660"},"headline":"La Importancia del branding personal en el emprendimiento","datePublished":"2024-04-14T23:34:42+00:00","mainEntityOfPage":{"@id":"https:\/\/pabloalvarado.net\/index.php\/2024\/04\/14\/la-importancia-del-branding-personal-en-el-emprendimiento\/"},"wordCount":316,"image":{"@id":"https:\/\/pabloalvarado.net\/index.php\/2024\/04\/14\/la-importancia-del-branding-personal-en-el-emprendimiento\/#primaryimage"},"thumbnailUrl":"https:\/\/pabloalvarado.net\/wp-content\/uploads\/2024\/04\/P_01.03.24.jpg","keywords":["Branding","Emprendimiento","Importancia"],"inLanguage":"en-US"},{"@type":"WebPage","@id":"https:\/\/pabloalvarado.net\/index.php\/2024\/04\/14\/la-importancia-del-branding-personal-en-el-emprendimiento\/","url":"https:\/\/pabloalvarado.net\/index.php\/2024\/04\/14\/la-importancia-del-branding-personal-en-el-emprendimiento\/","name":"La Importancia del branding personal en el emprendimiento -","isPartOf":{"@id":"https:\/\/pabloalvarado.net\/#website"},"primaryImageOfPage":{"@id":"https:\/\/pabloalvarado.net\/index.php\/2024\/04\/14\/la-importancia-del-branding-personal-en-el-emprendimiento\/#primaryimage"},"image":{"@id":"https:\/\/pabloalvarado.net\/index.php\/2024\/04\/14\/la-importancia-del-branding-personal-en-el-emprendimiento\/#primaryimage"},"thumbnailUrl":"https:\/\/pabloalvarado.net\/wp-content\/uploads\/2024\/04\/P_01.03.24.jpg","datePublished":"2024-04-14T23:34:42+00:00","author":{"@id":"https:\/\/pabloalvarado.net\/#\/schema\/person\/fb607a7ebc3ce5071a0bb264bc21b660"},"breadcrumb":{"@id":"https:\/\/pabloalvarado.net\/index.php\/2024\/04\/14\/la-importancia-del-branding-personal-en-el-emprendimiento\/#breadcrumb"},"inLanguage":"en-US","potentialAction":[{"@type":"ReadAction","target":["https:\/\/pabloalvarado.net\/index.php\/2024\/04\/14\/la-importancia-del-branding-personal-en-el-emprendimiento\/"]}]},{"@type":"ImageObject","inLanguage":"en-US","@id":"https:\/\/pabloalvarado.net\/index.php\/2024\/04\/14\/la-importancia-del-branding-personal-en-el-emprendimiento\/#primaryimage","url":"https:\/\/pabloalvarado.net\/wp-content\/uploads\/2024\/04\/P_01.03.24.jpg","contentUrl":"https:\/\/pabloalvarado.net\/wp-content\/uploads\/2024\/04\/P_01.03.24.jpg","width":1571,"height":1011},{"@type":"BreadcrumbList","@id":"https:\/\/pabloalvarado.net\/index.php\/2024\/04\/14\/la-importancia-del-branding-personal-en-el-emprendimiento\/#breadcrumb","itemListElement":[{"@type":"ListItem","position":1,"name":"Home","item":"https:\/\/pabloalvarado.net\/"},{"@type":"ListItem","position":2,"name":"La Importancia del branding personal en el emprendimiento"}]},{"@type":"WebSite","@id":"https:\/\/pabloalvarado.net\/#website","url":"https:\/\/pabloalvarado.net\/","name":"","description":"","potentialAction":[{"@type":"SearchAction","target":{"@type":"EntryPoint","urlTemplate":"https:\/\/pabloalvarado.net\/?s={search_term_string}"},"query-input":{"@type":"PropertyValueSpecification","valueRequired":true,"valueName":"search_term_string"}}],"inLanguage":"en-US"},{"@type":"Person","@id":"https:\/\/pabloalvarado.net\/#\/schema\/person\/fb607a7ebc3ce5071a0bb264bc21b660","name":"pablowpuser","image":{"@type":"ImageObject","inLanguage":"en-US","@id":"https:\/\/pabloalvarado.net\/#\/schema\/person\/image\/","url":"https:\/\/secure.gravatar.com\/avatar\/cb59e7c976f76b17dffd0727252f4ac78af49effd1cf317722470a804ae8c418?s=96&d=mm&r=g","contentUrl":"https:\/\/secure.gravatar.com\/avatar\/cb59e7c976f76b17dffd0727252f4ac78af49effd1cf317722470a804ae8c418?s=96&d=mm&r=g","caption":"pablowpuser"},"sameAs":["https:\/\/test.pabloalvarado.net"],"url":"https:\/\/pabloalvarado.net\/index.php\/author\/pablowpuser\/"}]}},"_links":{"self":[{"href":"https:\/\/pabloalvarado.net\/index.php\/wp-json\/wp\/v2\/posts\/394","targetHints":{"allow":["GET"]}}],"collection":[{"href":"https:\/\/pabloalvarado.net\/index.php\/wp-json\/wp\/v2\/posts"}],"about":[{"href":"https:\/\/pabloalvarado.net\/index.php\/wp-json\/wp\/v2\/types\/post"}],"author":[{"embeddable":true,"href":"https:\/\/pabloalvarado.net\/index.php\/wp-json\/wp\/v2\/users\/1"}],"replies":[{"embeddable":true,"href":"https:\/\/pabloalvarado.net\/index.php\/wp-json\/wp\/v2\/comments?post=394"}],"version-history":[{"count":1,"href":"https:\/\/pabloalvarado.net\/index.php\/wp-json\/wp\/v2\/posts\/394\/revisions"}],"predecessor-version":[{"id":396,"href":"https:\/\/pabloalvarado.net\/index.php\/wp-json\/wp\/v2\/posts\/394\/revisions\/396"}],"wp:featuredmedia":[{"embeddable":true,"href":"https:\/\/pabloalvarado.net\/index.php\/wp-json\/wp\/v2\/media\/395"}],"wp:attachment":[{"href":"https:\/\/pabloalvarado.net\/index.php\/wp-json\/wp\/v2\/media?parent=394"}],"wp:term":[{"taxonomy":"category","embeddable":true,"href":"https:\/\/pabloalvarado.net\/index.php\/wp-json\/wp\/v2\/categories?post=394"},{"taxonomy":"post_tag","embeddable":true,"href":"https:\/\/pabloalvarado.net\/index.php\/wp-json\/wp\/v2\/tags?post=394"}],"curies":[{"name":"wp","href":"https:\/\/api.w.org\/{rel}","templated":true}]}}