{"id":403,"date":"2024-04-14T23:42:26","date_gmt":"2024-04-14T23:42:26","guid":{"rendered":"https:\/\/pabloalvarado.net\/?p=403"},"modified":"2024-04-14T23:42:27","modified_gmt":"2024-04-14T23:42:27","slug":"emprender-en-tiempos-de-crisis-estrategias-para-la-resiliencia-empresarial","status":"publish","type":"post","link":"https:\/\/pabloalvarado.net\/index.php\/2024\/04\/14\/emprender-en-tiempos-de-crisis-estrategias-para-la-resiliencia-empresarial\/","title":{"rendered":"Emprender en tiempos de crisis: Estrategias para la resiliencia empresarial"},"content":{"rendered":"\n<p>La resiliencia empresarial es crucial para el \u00e9xito en tiempos de crisis. Aqu\u00ed hay algunas estrategias que pueden ayudar a los emprendedores a construir una empresa resiliente:<\/p>\n\n\n\n<p><strong>1. Mantener una actitud positiva:&nbsp;<\/strong><\/p>\n\n\n\n<p>Mantener una actitud positiva es fundamental para superar los desaf\u00edos econ\u00f3micos inesperados. Los emprendedores exitosos ven los desaf\u00edos como oportunidades para aprender y crecer.<\/p>\n\n\n\n<p><strong>2. Ser flexible:&nbsp;<\/strong><\/p>\n\n\n\n<p>Ser flexible y adaptable es clave para la resiliencia empresarial. Los emprendedores exitosos est\u00e1n dispuestos a cambiar de direcci\u00f3n y adaptarse a las nuevas circunstancias.<\/p>\n\n\n\n<p><strong>3. Mantener una buena comunicaci\u00f3n:&nbsp;<\/strong><\/p>\n\n\n\n<p>Mantener una buena comunicaci\u00f3n con los clientes, proveedores y empleados es fundamental para la resiliencia empresarial. La comunicaci\u00f3n abierta y honesta puede ayudar a minimizar los riesgos y maximizar las oportunidades.<\/p>\n\n\n\n<p><strong>4. Diversificar las fuentes de ingresos:&nbsp;<\/strong><\/p>\n\n\n\n<p>Contar con m\u00faltiples fuentes de ingresos puede ayudar a minimizar el riesgo financiero y aumentar la estabilidad econ\u00f3mica de tu emprendimiento.<\/p>\n\n\n\n<p><strong>5. Mantener una perspectiva a largo plazo:&nbsp;<\/strong><\/p>\n\n\n\n<p>Mantener una perspectiva a largo plazo es fundamental para la resiliencia empresarial. Los emprendedores exitosos no se enfocan en los problemas a corto plazo, sino que miran hacia el futuro y toman decisiones estrat\u00e9gicas.<\/p>\n\n\n\n<p><strong>6. Buscar apoyo:&nbsp;<\/strong><\/p>\n\n\n\n<p>Buscar apoyo de amigos, familiares y mentores puede ayudar a superar los desaf\u00edos econ\u00f3micos inesperados. Hablar con alguien que haya pasado por una situaci\u00f3n similar puede ayudar a obtener una perspectiva diferente y encontrar nuevas soluciones.<\/p>\n","protected":false},"excerpt":{"rendered":"<p>La resiliencia empresarial es crucial para el \u00e9xito en tiempos de crisis. Aqu\u00ed hay algunas estrategias que pueden ayudar a los emprendedores a construir una empresa resiliente: 1. Mantener una actitud positiva:&nbsp; Mantener una actitud positiva es fundamental para superar los desaf\u00edos econ\u00f3micos inesperados. Los emprendedores exitosos ven los desaf\u00edos como oportunidades para aprender y [&hellip;]<\/p>\n","protected":false},"author":1,"featured_media":404,"comment_status":"closed","ping_status":"closed","sticky":false,"template":"","format":"standard","meta":{"site-sidebar-layout":"default","site-content-layout":"","ast-site-content-layout":"default","site-content-style":"default","site-sidebar-style":"default","ast-global-header-display":"","ast-banner-title-visibility":"","ast-main-header-display":"","ast-hfb-above-header-display":"","ast-hfb-below-header-display":"","ast-hfb-mobile-header-display":"","site-post-title":"","ast-breadcrumbs-content":"","ast-featured-img":"","footer-sml-layout":"","theme-transparent-header-meta":"","adv-header-id-meta":"","stick-header-meta":"","header-above-stick-meta":"","header-main-stick-meta":"","header-below-stick-meta":"","astra-migrate-meta-layouts":"set","ast-page-background-enabled":"default","ast-page-background-meta":{"desktop":{"background-color":"var(--ast-global-color-4)","background-image":"","background-repeat":"repeat","background-position":"center center","background-size":"auto","background-attachment":"scroll","background-type":"","background-media":"","overlay-type":"","overlay-color":"","overlay-opacity":"","overlay-gradient":""},"tablet":{"background-color":"","background-image":"","background-repeat":"repeat","background-position":"center center","background-size":"auto","background-attachment":"scroll","background-type":"","background-media":"","overlay-type":"","overlay-color":"","overlay-opacity":"","overlay-gradient":""},"mobile":{"background-color":"","background-image":"","background-repeat":"repeat","background-position":"center center","background-size":"auto","background-attachment":"scroll","background-type":"","background-media":"","overlay-type":"","overlay-color":"","overlay-opacity":"","overlay-gradient":""}},"ast-content-background-meta":{"desktop":{"background-color":"var(--ast-global-color-5)","background-image":"","background-repeat":"repeat","background-position":"center center","background-size":"auto","background-attachment":"scroll","background-type":"","background-media":"","overlay-type":"","overlay-color":"","overlay-opacity":"","overlay-gradient":""},"tablet":{"background-color":"var(--ast-global-color-5)","background-image":"","background-repeat":"repeat","background-position":"center center","background-size":"auto","background-attachment":"scroll","background-type":"","background-media":"","overlay-type":"","overlay-color":"","overlay-opacity":"","overlay-gradient":""},"mobile":{"background-color":"var(--ast-global-color-5)","background-image":"","background-repeat":"repeat","background-position":"center center","background-size":"auto","background-attachment":"scroll","background-type":"","background-media":"","overlay-type":"","overlay-color":"","overlay-opacity":"","overlay-gradient":""}},"footnotes":""},"categories":[1],"tags":[48,8,49],"class_list":["post-403","post","type-post","status-publish","format-standard","has-post-thumbnail","hentry","category-uncategorized","tag-crisis","tag-emprender","tag-resiliencia"],"yoast_head":"<!-- This site is optimized with the Yoast SEO plugin v26.9 - https:\/\/yoast.com\/product\/yoast-seo-wordpress\/ -->\n<title>Emprender en tiempos de crisis: Estrategias para la resiliencia empresarial -<\/title>\n<meta name=\"robots\" content=\"noindex, follow, max-snippet:-1, max-image-preview:large, max-video-preview:-1\" \/>\n<meta property=\"og:locale\" content=\"en_US\" \/>\n<meta property=\"og:type\" content=\"article\" \/>\n<meta property=\"og:title\" content=\"Emprender en tiempos de crisis: Estrategias para la resiliencia empresarial -\" \/>\n<meta property=\"og:description\" content=\"La resiliencia empresarial es crucial para el \u00e9xito en tiempos de crisis. Aqu\u00ed hay algunas estrategias que pueden ayudar a los emprendedores a construir una empresa resiliente: 1. Mantener una actitud positiva:&nbsp; Mantener una actitud positiva es fundamental para superar los desaf\u00edos econ\u00f3micos inesperados. Los emprendedores exitosos ven los desaf\u00edos como oportunidades para aprender y [&hellip;]\" \/>\n<meta property=\"og:url\" content=\"https:\/\/pabloalvarado.net\/index.php\/2024\/04\/14\/emprender-en-tiempos-de-crisis-estrategias-para-la-resiliencia-empresarial\/\" \/>\n<meta property=\"article:published_time\" content=\"2024-04-14T23:42:26+00:00\" \/>\n<meta property=\"article:modified_time\" content=\"2024-04-14T23:42:27+00:00\" \/>\n<meta property=\"og:image\" content=\"https:\/\/pabloalvarado.net\/wp-content\/uploads\/2024\/04\/Pab_22.03.24.jpg\" \/>\n\t<meta property=\"og:image:width\" content=\"1572\" \/>\n\t<meta property=\"og:image:height\" content=\"1011\" \/>\n\t<meta property=\"og:image:type\" content=\"image\/jpeg\" \/>\n<meta name=\"author\" content=\"pablowpuser\" \/>\n<meta name=\"twitter:card\" content=\"summary_large_image\" \/>\n<meta name=\"twitter:label1\" content=\"Written by\" \/>\n\t<meta name=\"twitter:data1\" content=\"pablowpuser\" \/>\n\t<meta name=\"twitter:label2\" content=\"Est. reading time\" \/>\n\t<meta name=\"twitter:data2\" content=\"2 minutes\" \/>\n<script type=\"application\/ld+json\" class=\"yoast-schema-graph\">{\"@context\":\"https:\/\/schema.org\",\"@graph\":[{\"@type\":\"Article\",\"@id\":\"https:\/\/pabloalvarado.net\/index.php\/2024\/04\/14\/emprender-en-tiempos-de-crisis-estrategias-para-la-resiliencia-empresarial\/#article\",\"isPartOf\":{\"@id\":\"https:\/\/pabloalvarado.net\/index.php\/2024\/04\/14\/emprender-en-tiempos-de-crisis-estrategias-para-la-resiliencia-empresarial\/\"},\"author\":{\"name\":\"pablowpuser\",\"@id\":\"https:\/\/pabloalvarado.net\/#\/schema\/person\/fb607a7ebc3ce5071a0bb264bc21b660\"},\"headline\":\"Emprender en tiempos de crisis: Estrategias para la resiliencia empresarial\",\"datePublished\":\"2024-04-14T23:42:26+00:00\",\"dateModified\":\"2024-04-14T23:42:27+00:00\",\"mainEntityOfPage\":{\"@id\":\"https:\/\/pabloalvarado.net\/index.php\/2024\/04\/14\/emprender-en-tiempos-de-crisis-estrategias-para-la-resiliencia-empresarial\/\"},\"wordCount\":251,\"image\":{\"@id\":\"https:\/\/pabloalvarado.net\/index.php\/2024\/04\/14\/emprender-en-tiempos-de-crisis-estrategias-para-la-resiliencia-empresarial\/#primaryimage\"},\"thumbnailUrl\":\"https:\/\/pabloalvarado.net\/wp-content\/uploads\/2024\/04\/Pab_22.03.24.jpg\",\"keywords\":[\"Crisis\",\"Emprender\",\"Resiliencia\"],\"inLanguage\":\"en-US\"},{\"@type\":\"WebPage\",\"@id\":\"https:\/\/pabloalvarado.net\/index.php\/2024\/04\/14\/emprender-en-tiempos-de-crisis-estrategias-para-la-resiliencia-empresarial\/\",\"url\":\"https:\/\/pabloalvarado.net\/index.php\/2024\/04\/14\/emprender-en-tiempos-de-crisis-estrategias-para-la-resiliencia-empresarial\/\",\"name\":\"Emprender en tiempos de crisis: Estrategias para la resiliencia empresarial -\",\"isPartOf\":{\"@id\":\"https:\/\/pabloalvarado.net\/#website\"},\"primaryImageOfPage\":{\"@id\":\"https:\/\/pabloalvarado.net\/index.php\/2024\/04\/14\/emprender-en-tiempos-de-crisis-estrategias-para-la-resiliencia-empresarial\/#primaryimage\"},\"image\":{\"@id\":\"https:\/\/pabloalvarado.net\/index.php\/2024\/04\/14\/emprender-en-tiempos-de-crisis-estrategias-para-la-resiliencia-empresarial\/#primaryimage\"},\"thumbnailUrl\":\"https:\/\/pabloalvarado.net\/wp-content\/uploads\/2024\/04\/Pab_22.03.24.jpg\",\"datePublished\":\"2024-04-14T23:42:26+00:00\",\"dateModified\":\"2024-04-14T23:42:27+00:00\",\"author\":{\"@id\":\"https:\/\/pabloalvarado.net\/#\/schema\/person\/fb607a7ebc3ce5071a0bb264bc21b660\"},\"breadcrumb\":{\"@id\":\"https:\/\/pabloalvarado.net\/index.php\/2024\/04\/14\/emprender-en-tiempos-de-crisis-estrategias-para-la-resiliencia-empresarial\/#breadcrumb\"},\"inLanguage\":\"en-US\",\"potentialAction\":[{\"@type\":\"ReadAction\",\"target\":[\"https:\/\/pabloalvarado.net\/index.php\/2024\/04\/14\/emprender-en-tiempos-de-crisis-estrategias-para-la-resiliencia-empresarial\/\"]}]},{\"@type\":\"ImageObject\",\"inLanguage\":\"en-US\",\"@id\":\"https:\/\/pabloalvarado.net\/index.php\/2024\/04\/14\/emprender-en-tiempos-de-crisis-estrategias-para-la-resiliencia-empresarial\/#primaryimage\",\"url\":\"https:\/\/pabloalvarado.net\/wp-content\/uploads\/2024\/04\/Pab_22.03.24.jpg\",\"contentUrl\":\"https:\/\/pabloalvarado.net\/wp-content\/uploads\/2024\/04\/Pab_22.03.24.jpg\",\"width\":1572,\"height\":1011},{\"@type\":\"BreadcrumbList\",\"@id\":\"https:\/\/pabloalvarado.net\/index.php\/2024\/04\/14\/emprender-en-tiempos-de-crisis-estrategias-para-la-resiliencia-empresarial\/#breadcrumb\",\"itemListElement\":[{\"@type\":\"ListItem\",\"position\":1,\"name\":\"Home\",\"item\":\"https:\/\/pabloalvarado.net\/\"},{\"@type\":\"ListItem\",\"position\":2,\"name\":\"Emprender en tiempos de crisis: Estrategias para la resiliencia empresarial\"}]},{\"@type\":\"WebSite\",\"@id\":\"https:\/\/pabloalvarado.net\/#website\",\"url\":\"https:\/\/pabloalvarado.net\/\",\"name\":\"\",\"description\":\"\",\"potentialAction\":[{\"@type\":\"SearchAction\",\"target\":{\"@type\":\"EntryPoint\",\"urlTemplate\":\"https:\/\/pabloalvarado.net\/?s={search_term_string}\"},\"query-input\":{\"@type\":\"PropertyValueSpecification\",\"valueRequired\":true,\"valueName\":\"search_term_string\"}}],\"inLanguage\":\"en-US\"},{\"@type\":\"Person\",\"@id\":\"https:\/\/pabloalvarado.net\/#\/schema\/person\/fb607a7ebc3ce5071a0bb264bc21b660\",\"name\":\"pablowpuser\",\"image\":{\"@type\":\"ImageObject\",\"inLanguage\":\"en-US\",\"@id\":\"https:\/\/pabloalvarado.net\/#\/schema\/person\/image\/\",\"url\":\"https:\/\/secure.gravatar.com\/avatar\/cb59e7c976f76b17dffd0727252f4ac78af49effd1cf317722470a804ae8c418?s=96&d=mm&r=g\",\"contentUrl\":\"https:\/\/secure.gravatar.com\/avatar\/cb59e7c976f76b17dffd0727252f4ac78af49effd1cf317722470a804ae8c418?s=96&d=mm&r=g\",\"caption\":\"pablowpuser\"},\"sameAs\":[\"https:\/\/test.pabloalvarado.net\"],\"url\":\"https:\/\/pabloalvarado.net\/index.php\/author\/pablowpuser\/\"}]}<\/script>\n<!-- \/ Yoast SEO plugin. -->","yoast_head_json":{"title":"Emprender en tiempos de crisis: Estrategias para la resiliencia empresarial -","robots":{"index":"noindex","follow":"follow","max-snippet":"max-snippet:-1","max-image-preview":"max-image-preview:large","max-video-preview":"max-video-preview:-1"},"og_locale":"en_US","og_type":"article","og_title":"Emprender en tiempos de crisis: Estrategias para la resiliencia empresarial -","og_description":"La resiliencia empresarial es crucial para el \u00e9xito en tiempos de crisis. Aqu\u00ed hay algunas estrategias que pueden ayudar a los emprendedores a construir una empresa resiliente: 1. Mantener una actitud positiva:&nbsp; Mantener una actitud positiva es fundamental para superar los desaf\u00edos econ\u00f3micos inesperados. Los emprendedores exitosos ven los desaf\u00edos como oportunidades para aprender y [&hellip;]","og_url":"https:\/\/pabloalvarado.net\/index.php\/2024\/04\/14\/emprender-en-tiempos-de-crisis-estrategias-para-la-resiliencia-empresarial\/","article_published_time":"2024-04-14T23:42:26+00:00","article_modified_time":"2024-04-14T23:42:27+00:00","og_image":[{"width":1572,"height":1011,"url":"https:\/\/pabloalvarado.net\/wp-content\/uploads\/2024\/04\/Pab_22.03.24.jpg","type":"image\/jpeg"}],"author":"pablowpuser","twitter_card":"summary_large_image","twitter_misc":{"Written by":"pablowpuser","Est. reading time":"2 minutes"},"schema":{"@context":"https:\/\/schema.org","@graph":[{"@type":"Article","@id":"https:\/\/pabloalvarado.net\/index.php\/2024\/04\/14\/emprender-en-tiempos-de-crisis-estrategias-para-la-resiliencia-empresarial\/#article","isPartOf":{"@id":"https:\/\/pabloalvarado.net\/index.php\/2024\/04\/14\/emprender-en-tiempos-de-crisis-estrategias-para-la-resiliencia-empresarial\/"},"author":{"name":"pablowpuser","@id":"https:\/\/pabloalvarado.net\/#\/schema\/person\/fb607a7ebc3ce5071a0bb264bc21b660"},"headline":"Emprender en tiempos de crisis: Estrategias para la resiliencia empresarial","datePublished":"2024-04-14T23:42:26+00:00","dateModified":"2024-04-14T23:42:27+00:00","mainEntityOfPage":{"@id":"https:\/\/pabloalvarado.net\/index.php\/2024\/04\/14\/emprender-en-tiempos-de-crisis-estrategias-para-la-resiliencia-empresarial\/"},"wordCount":251,"image":{"@id":"https:\/\/pabloalvarado.net\/index.php\/2024\/04\/14\/emprender-en-tiempos-de-crisis-estrategias-para-la-resiliencia-empresarial\/#primaryimage"},"thumbnailUrl":"https:\/\/pabloalvarado.net\/wp-content\/uploads\/2024\/04\/Pab_22.03.24.jpg","keywords":["Crisis","Emprender","Resiliencia"],"inLanguage":"en-US"},{"@type":"WebPage","@id":"https:\/\/pabloalvarado.net\/index.php\/2024\/04\/14\/emprender-en-tiempos-de-crisis-estrategias-para-la-resiliencia-empresarial\/","url":"https:\/\/pabloalvarado.net\/index.php\/2024\/04\/14\/emprender-en-tiempos-de-crisis-estrategias-para-la-resiliencia-empresarial\/","name":"Emprender en tiempos de crisis: Estrategias para la resiliencia empresarial -","isPartOf":{"@id":"https:\/\/pabloalvarado.net\/#website"},"primaryImageOfPage":{"@id":"https:\/\/pabloalvarado.net\/index.php\/2024\/04\/14\/emprender-en-tiempos-de-crisis-estrategias-para-la-resiliencia-empresarial\/#primaryimage"},"image":{"@id":"https:\/\/pabloalvarado.net\/index.php\/2024\/04\/14\/emprender-en-tiempos-de-crisis-estrategias-para-la-resiliencia-empresarial\/#primaryimage"},"thumbnailUrl":"https:\/\/pabloalvarado.net\/wp-content\/uploads\/2024\/04\/Pab_22.03.24.jpg","datePublished":"2024-04-14T23:42:26+00:00","dateModified":"2024-04-14T23:42:27+00:00","author":{"@id":"https:\/\/pabloalvarado.net\/#\/schema\/person\/fb607a7ebc3ce5071a0bb264bc21b660"},"breadcrumb":{"@id":"https:\/\/pabloalvarado.net\/index.php\/2024\/04\/14\/emprender-en-tiempos-de-crisis-estrategias-para-la-resiliencia-empresarial\/#breadcrumb"},"inLanguage":"en-US","potentialAction":[{"@type":"ReadAction","target":["https:\/\/pabloalvarado.net\/index.php\/2024\/04\/14\/emprender-en-tiempos-de-crisis-estrategias-para-la-resiliencia-empresarial\/"]}]},{"@type":"ImageObject","inLanguage":"en-US","@id":"https:\/\/pabloalvarado.net\/index.php\/2024\/04\/14\/emprender-en-tiempos-de-crisis-estrategias-para-la-resiliencia-empresarial\/#primaryimage","url":"https:\/\/pabloalvarado.net\/wp-content\/uploads\/2024\/04\/Pab_22.03.24.jpg","contentUrl":"https:\/\/pabloalvarado.net\/wp-content\/uploads\/2024\/04\/Pab_22.03.24.jpg","width":1572,"height":1011},{"@type":"BreadcrumbList","@id":"https:\/\/pabloalvarado.net\/index.php\/2024\/04\/14\/emprender-en-tiempos-de-crisis-estrategias-para-la-resiliencia-empresarial\/#breadcrumb","itemListElement":[{"@type":"ListItem","position":1,"name":"Home","item":"https:\/\/pabloalvarado.net\/"},{"@type":"ListItem","position":2,"name":"Emprender en tiempos de crisis: Estrategias para la resiliencia empresarial"}]},{"@type":"WebSite","@id":"https:\/\/pabloalvarado.net\/#website","url":"https:\/\/pabloalvarado.net\/","name":"","description":"","potentialAction":[{"@type":"SearchAction","target":{"@type":"EntryPoint","urlTemplate":"https:\/\/pabloalvarado.net\/?s={search_term_string}"},"query-input":{"@type":"PropertyValueSpecification","valueRequired":true,"valueName":"search_term_string"}}],"inLanguage":"en-US"},{"@type":"Person","@id":"https:\/\/pabloalvarado.net\/#\/schema\/person\/fb607a7ebc3ce5071a0bb264bc21b660","name":"pablowpuser","image":{"@type":"ImageObject","inLanguage":"en-US","@id":"https:\/\/pabloalvarado.net\/#\/schema\/person\/image\/","url":"https:\/\/secure.gravatar.com\/avatar\/cb59e7c976f76b17dffd0727252f4ac78af49effd1cf317722470a804ae8c418?s=96&d=mm&r=g","contentUrl":"https:\/\/secure.gravatar.com\/avatar\/cb59e7c976f76b17dffd0727252f4ac78af49effd1cf317722470a804ae8c418?s=96&d=mm&r=g","caption":"pablowpuser"},"sameAs":["https:\/\/test.pabloalvarado.net"],"url":"https:\/\/pabloalvarado.net\/index.php\/author\/pablowpuser\/"}]}},"_links":{"self":[{"href":"https:\/\/pabloalvarado.net\/index.php\/wp-json\/wp\/v2\/posts\/403","targetHints":{"allow":["GET"]}}],"collection":[{"href":"https:\/\/pabloalvarado.net\/index.php\/wp-json\/wp\/v2\/posts"}],"about":[{"href":"https:\/\/pabloalvarado.net\/index.php\/wp-json\/wp\/v2\/types\/post"}],"author":[{"embeddable":true,"href":"https:\/\/pabloalvarado.net\/index.php\/wp-json\/wp\/v2\/users\/1"}],"replies":[{"embeddable":true,"href":"https:\/\/pabloalvarado.net\/index.php\/wp-json\/wp\/v2\/comments?post=403"}],"version-history":[{"count":1,"href":"https:\/\/pabloalvarado.net\/index.php\/wp-json\/wp\/v2\/posts\/403\/revisions"}],"predecessor-version":[{"id":405,"href":"https:\/\/pabloalvarado.net\/index.php\/wp-json\/wp\/v2\/posts\/403\/revisions\/405"}],"wp:featuredmedia":[{"embeddable":true,"href":"https:\/\/pabloalvarado.net\/index.php\/wp-json\/wp\/v2\/media\/404"}],"wp:attachment":[{"href":"https:\/\/pabloalvarado.net\/index.php\/wp-json\/wp\/v2\/media?parent=403"}],"wp:term":[{"taxonomy":"category","embeddable":true,"href":"https:\/\/pabloalvarado.net\/index.php\/wp-json\/wp\/v2\/categories?post=403"},{"taxonomy":"post_tag","embeddable":true,"href":"https:\/\/pabloalvarado.net\/index.php\/wp-json\/wp\/v2\/tags?post=403"}],"curies":[{"name":"wp","href":"https:\/\/api.w.org\/{rel}","templated":true}]}}